{"id":982,"date":"2024-05-19T00:00:26","date_gmt":"2024-05-18T22:00:26","guid":{"rendered":"http:\/\/www.specht-krimis.at\/?p=982"},"modified":"2024-05-19T00:39:12","modified_gmt":"2024-05-18T22:39:12","slug":"982","status":"publish","type":"post","link":"http:\/\/www.specht-krimis.at\/?p=982","title":{"rendered":"Specht zwischen den Jahren"},"content":{"rendered":"<p>Unser n\u00e4chster Fall f\u00fchrt den pensionierten Chefinspektor Bruno Specht und seine Ehefrau Anna ins winterliche Tirol, und zwar nach Seefeld, wo die beiden ein paar vorweihnachtliche Urlaubstage mit Pulverschnee, Pistengaudi und Jagatee verbringen wollen.<br \/>\nDie Vorzeichen daf\u00fcr stehen gut, denn die Berge und die prachtvolle Landschaft sind tief verschneit und laden ein zu ungetr\u00fcbten Urlaubsfreuden \u2013 welche jedoch schon kurz nach ihrer Ankunft \u00fcberschattet werden von einem in Seefeld erst k\u00fcrzlich ver\u00fcbten Gewaltverbrechen an einem in dubiose Grundst\u00fccks- und Immobiliendeals involvierten und der Geldw\u00e4sche verd\u00e4chtigen Rechtsanwalt!<br \/>\nWeil sich in der Folge, wie Bruno inoffiziell aus Polizeikreisen erf\u00e4hrt, bei den Ermittlungen durch die befassten Beh\u00f6rden zwar zahlreiche Hinweise und Indizien auf m\u00f6gliche Hintergr\u00fcnde dieses Verbrechens, nicht jedoch auf die T\u00e4terschaft ergeben, startet er, dem Rat eines Gerichtsmediziners folgend, seine eigenen h\u00f6chstpers\u00f6nlichen Ermittlungen nach dem Leitspruch:<br \/>\nDe omnibus dubitandum \u2013 Man muss an allem zweifeln!<\/p>\n<p><a href=\"http:\/\/www.specht-krimis.at\/wp-content\/uploads\/2019\/01\/AdobeStock_175748535.jpg\"><img loading=\"lazy\" src=\"http:\/\/www.specht-krimis.at\/wp-content\/uploads\/2019\/01\/AdobeStock_175748535-1024x739.jpg\" alt=\"\" width=\"676\" height=\"488\" class=\"alignnone size-large wp-image-768\" srcset=\"http:\/\/www.specht-krimis.at\/wp-content\/uploads\/2019\/01\/AdobeStock_175748535.jpg 1024w, http:\/\/www.specht-krimis.at\/wp-content\/uploads\/2019\/01\/AdobeStock_175748535-300x217.jpg 300w, http:\/\/www.specht-krimis.at\/wp-content\/uploads\/2019\/01\/AdobeStock_175748535-768x554.jpg 768w, http:\/\/www.specht-krimis.at\/wp-content\/uploads\/2019\/01\/AdobeStock_175748535-676x488.jpg 676w\" sizes=\"(max-width: 676px) 100vw, 676px\" \/><\/a><\/p>\n","protected":false},"excerpt":{"rendered":"<p>Unser n\u00e4chster Fall f\u00fchrt den pensionierten Chefinspektor Bruno Specht und seine Ehefrau Anna ins winterliche Tirol, und zwar nach Seefeld, wo die beiden ein paar vorweihnachtliche Urlaubstage mit Pulverschnee, Pistengaudi und Jagatee verbringen wollen. Die Vorzeichen daf\u00fcr stehen gut, denn die Berge und die prachtvolle Landschaft sind tief verschneit und laden ein zu ungetr\u00fcbten Urlaubsfreuden [&hellip;]<\/p>\n","protected":false},"author":1,"featured_media":0,"comment_status":"open","ping_status":"open","sticky":false,"template":"","format":"standard","meta":[],"categories":[1],"tags":[],"_links":{"self":[{"href":"http:\/\/www.specht-krimis.at\/index.php?rest_route=\/wp\/v2\/posts\/982"}],"collection":[{"href":"http:\/\/www.specht-krimis.at\/index.php?rest_route=\/wp\/v2\/posts"}],"about":[{"href":"http:\/\/www.specht-krimis.at\/index.php?rest_route=\/wp\/v2\/types\/post"}],"author":[{"embeddable":true,"href":"http:\/\/www.specht-krimis.at\/index.php?rest_route=\/wp\/v2\/users\/1"}],"replies":[{"embeddable":true,"href":"http:\/\/www.specht-krimis.at\/index.php?rest_route=%2Fwp%2Fv2%2Fcomments&post=982"}],"version-history":[{"count":10,"href":"http:\/\/www.specht-krimis.at\/index.php?rest_route=\/wp\/v2\/posts\/982\/revisions"}],"predecessor-version":[{"id":1045,"href":"http:\/\/www.specht-krimis.at\/index.php?rest_route=\/wp\/v2\/posts\/982\/revisions\/1045"}],"wp:attachment":[{"href":"http:\/\/www.specht-krimis.at\/index.php?rest_route=%2Fwp%2Fv2%2Fmedia&parent=982"}],"wp:term":[{"taxonomy":"category","embeddable":true,"href":"http:\/\/www.specht-krimis.at\/index.php?rest_route=%2Fwp%2Fv2%2Fcategories&post=982"},{"taxonomy":"post_tag","embeddable":true,"href":"http:\/\/www.specht-krimis.at\/index.php?rest_route=%2Fwp%2Fv2%2Ftags&post=982"}],"curies":[{"name":"wp","href":"https:\/\/api.w.org\/{rel}","templated":true}]}}