{"id":937,"date":"2022-06-10T12:41:38","date_gmt":"2022-06-10T10:41:38","guid":{"rendered":"http:\/\/www.specht-krimis.at\/?p=937"},"modified":"2022-10-15T21:15:03","modified_gmt":"2022-10-15T19:15:03","slug":"respekt-frau-specht","status":"publish","type":"post","link":"http:\/\/www.specht-krimis.at\/?p=937","title":{"rendered":"Respekt, Frau Specht!"},"content":{"rendered":"<p>Wir freuen uns sehr, Sie dar\u00fcber informieren zu k\u00f6nnen, dass soeben unser mittlerweile f\u00fcnfter Kriminalroman mit unseren Protagonisten Anna und Bruno Specht\u00a0 erschienen und ab sofort in unserem Verlag (<a href=\"https:\/\/www.editionkeiper.at\/shop\/\">www.editionkeiper.at\/shop)<\/a> sowie in Buchhandlungen und im Onlinehandel erh\u00e4ltlich ist.<\/p>\n<p><a href=\"http:\/\/www.specht-krimis.at\/wp-content\/uploads\/2022\/06\/Respekt-Frau-Specht-scaled.jpg\"><img loading=\"lazy\" class=\"wp-image-945 aligncenter\" src=\"http:\/\/www.specht-krimis.at\/wp-content\/uploads\/2022\/06\/Respekt-Frau-Specht-scaled.jpg\" alt=\"\" width=\"795\" height=\"616\" srcset=\"http:\/\/www.specht-krimis.at\/wp-content\/uploads\/2022\/06\/Respekt-Frau-Specht-scaled.jpg 2560w, http:\/\/www.specht-krimis.at\/wp-content\/uploads\/2022\/06\/Respekt-Frau-Specht-300x232.jpg 300w\" sizes=\"(max-width: 795px) 100vw, 795px\" \/><\/a><\/p>\n","protected":false},"excerpt":{"rendered":"<p>Wir freuen uns sehr, Sie dar\u00fcber informieren zu k\u00f6nnen, dass soeben unser mittlerweile f\u00fcnfter Kriminalroman mit unseren Protagonisten Anna und Bruno Specht\u00a0 erschienen und ab sofort in unserem Verlag (www.editionkeiper.at\/shop) sowie in Buchhandlungen und im Onlinehandel erh\u00e4ltlich ist.<\/p>\n","protected":false},"author":1,"featured_media":0,"comment_status":"open","ping_status":"open","sticky":false,"template":"","format":"standard","meta":[],"categories":[1],"tags":[],"_links":{"self":[{"href":"http:\/\/www.specht-krimis.at\/index.php?rest_route=\/wp\/v2\/posts\/937"}],"collection":[{"href":"http:\/\/www.specht-krimis.at\/index.php?rest_route=\/wp\/v2\/posts"}],"about":[{"href":"http:\/\/www.specht-krimis.at\/index.php?rest_route=\/wp\/v2\/types\/post"}],"author":[{"embeddable":true,"href":"http:\/\/www.specht-krimis.at\/index.php?rest_route=\/wp\/v2\/users\/1"}],"replies":[{"embeddable":true,"href":"http:\/\/www.specht-krimis.at\/index.php?rest_route=%2Fwp%2Fv2%2Fcomments&post=937"}],"version-history":[{"count":10,"href":"http:\/\/www.specht-krimis.at\/index.php?rest_route=\/wp\/v2\/posts\/937\/revisions"}],"predecessor-version":[{"id":971,"href":"http:\/\/www.specht-krimis.at\/index.php?rest_route=\/wp\/v2\/posts\/937\/revisions\/971"}],"wp:attachment":[{"href":"http:\/\/www.specht-krimis.at\/index.php?rest_route=%2Fwp%2Fv2%2Fmedia&parent=937"}],"wp:term":[{"taxonomy":"category","embeddable":true,"href":"http:\/\/www.specht-krimis.at\/index.php?rest_route=%2Fwp%2Fv2%2Fcategories&post=937"},{"taxonomy":"post_tag","embeddable":true,"href":"http:\/\/www.specht-krimis.at\/index.php?rest_route=%2Fwp%2Fv2%2Ftags&post=937"}],"curies":[{"name":"wp","href":"https:\/\/api.w.org\/{rel}","templated":true}]}}