{"id":342,"date":"2015-06-02T10:36:26","date_gmt":"2015-06-02T08:36:26","guid":{"rendered":"http:\/\/www.specht-krimis.at\/?p=342"},"modified":"2016-02-06T16:22:40","modified_gmt":"2016-02-06T15:22:40","slug":"lesung-in-warmbad-villach","status":"publish","type":"post","link":"http:\/\/www.specht-krimis.at\/?p=342","title":{"rendered":"Lesung in Warmbad Villach"},"content":{"rendered":"<p><a href=\"http:\/\/www.specht-krimis.at\/wp-content\/uploads\/2015\/06\/031.jpg\"><img loading=\"lazy\" class=\" wp-image-352\" src=\"http:\/\/www.specht-krimis.at\/wp-content\/uploads\/2015\/06\/031-300x225.jpg\" alt=\"SAMSUNG CAMERA PICTURES\" width=\"192\" height=\"144\" srcset=\"http:\/\/www.specht-krimis.at\/wp-content\/uploads\/2015\/06\/031-300x225.jpg 300w, http:\/\/www.specht-krimis.at\/wp-content\/uploads\/2015\/06\/031-1024x768.jpg 1024w, http:\/\/www.specht-krimis.at\/wp-content\/uploads\/2015\/06\/031-676x507.jpg 676w\" sizes=\"(max-width: 192px) 100vw, 192px\" \/><\/a>\u00a0<a href=\"http:\/\/www.specht-krimis.at\/wp-content\/uploads\/2015\/06\/007.jpg\"><img loading=\"lazy\" class=\"  wp-image-336 alignleft\" src=\"http:\/\/www.specht-krimis.at\/wp-content\/uploads\/2015\/06\/007-300x225.jpg\" alt=\"\" width=\"193\" height=\"145\" srcset=\"http:\/\/www.specht-krimis.at\/wp-content\/uploads\/2015\/06\/007-300x225.jpg 300w, http:\/\/www.specht-krimis.at\/wp-content\/uploads\/2015\/06\/007-1024x768.jpg 1024w, http:\/\/www.specht-krimis.at\/wp-content\/uploads\/2015\/06\/007-676x507.jpg 676w\" sizes=\"(max-width: 193px) 100vw, 193px\" \/><\/a><a href=\"http:\/\/www.specht-krimis.at\/wp-content\/uploads\/2015\/06\/041.jpg\"><img loading=\"lazy\" class=\"  wp-image-338 alignleft\" src=\"http:\/\/www.specht-krimis.at\/wp-content\/uploads\/2015\/06\/041-300x225.jpg\" alt=\"\" width=\"191\" height=\"143\" srcset=\"http:\/\/www.specht-krimis.at\/wp-content\/uploads\/2015\/06\/041-300x225.jpg 300w, http:\/\/www.specht-krimis.at\/wp-content\/uploads\/2015\/06\/041-1024x768.jpg 1024w, http:\/\/www.specht-krimis.at\/wp-content\/uploads\/2015\/06\/041-676x507.jpg 676w\" sizes=\"(max-width: 191px) 100vw, 191px\" \/><\/a><\/p>\n<p>&nbsp;<\/p>\n<p><span style=\"font-size: 16px;\">Am 31. Mai hatten wir die Ehre, und das Vergn\u00fcgen, \u00a0<span style=\"color: #3366ff; font-size: 20px;\">Specht auf Kur<\/span> im Rahmen der Kulturveranstaltung\u00a0 <span style=\"font-size: 20px; text-decoration: underline;\"><em>Literatur um 11<\/em><\/span> im traditionsreichen Hotel\u00a0\u00a0Warmbaderhof Villach\u00a0vorzustellen.<br \/>\nWir bedanken uns sehr herzlich bei der Kulturabteilung der Stadt Villach, die uns zu dieser Lesung eingeladen hat, sowie bei der Gesch\u00e4ftsf\u00fchrung und den MitarbeiterInnen vom Warmbaderhof, die uns einen \u00fcberaus\u00a0angenehmen Aufenthalt bereitet haben.<br \/>\nMusikalisch wurde die Veranstaltung von den K\u00fcnstlerInnen des \u00a0Chorensembles Villach mit wundersch\u00f6nen, sehr stimmungsvollen \u00a0K\u00e4rntner Liedern begleitet. Wann immer Sie die M\u00f6glichkeit haben, das <span style=\"text-decoration: underline;\">Chorensemble Villach<\/span> Live zu erleben: Unbedingt hingehen!<br \/>\nWir haben uns auf unseren Auftritt schon seit Wochen\u00a0 gefreut und so sind\u00a0wir bereits am Vortag angereist,\u00a0 um (wieder) auf den Spuren von Bruno Specht zu wandeln und bei\u00a0einem Spaziergang, der uns\u00a0\u00a0zum Maibachl, zur \u00a0Napoleonwiese und zur R\u00f6merstra\u00dfe\u00a0 gef\u00fchrt hat, die herrliche Landschaft und\u00a0Vegetation K\u00e4rntens zu genie\u00dfen &#8211; und uns anschlie\u00dfend bei K\u00e4rntner Kasnudeln und einem Ritschert zu st\u00e4rken. <\/span><br \/>\n<span style=\"font-size: 16px;\">Es war ein\u00a0 sehr sch\u00f6nes Erlebnis,\u00a0 an jenen Ort, an dem unser Roman \u00a0<span style=\"color: #3366ff; font-size: 20px;\">Specht auf Kur<\/span> entstanden ist, zur\u00fcckzukehren, und &#8211; um es mit den Worten eines ber\u00fchmten Landsmannes aus der Steiermark zu sagen: We&#8217;ll be back!<\/span><\/p>\n","protected":false},"excerpt":{"rendered":"<p>\u00a0 &nbsp; Am 31. Mai hatten wir die Ehre, und das Vergn\u00fcgen, \u00a0Specht auf Kur im Rahmen der Kulturveranstaltung\u00a0 Literatur um 11 im traditionsreichen Hotel\u00a0\u00a0Warmbaderhof Villach\u00a0vorzustellen. Wir bedanken uns sehr herzlich bei der Kulturabteilung der Stadt Villach, die uns zu dieser Lesung eingeladen hat, sowie bei der Gesch\u00e4ftsf\u00fchrung und den MitarbeiterInnen vom Warmbaderhof, die uns [&hellip;]<\/p>\n","protected":false},"author":1,"featured_media":0,"comment_status":"closed","ping_status":"open","sticky":false,"template":"","format":"standard","meta":[],"categories":[1],"tags":[],"_links":{"self":[{"href":"http:\/\/www.specht-krimis.at\/index.php?rest_route=\/wp\/v2\/posts\/342"}],"collection":[{"href":"http:\/\/www.specht-krimis.at\/index.php?rest_route=\/wp\/v2\/posts"}],"about":[{"href":"http:\/\/www.specht-krimis.at\/index.php?rest_route=\/wp\/v2\/types\/post"}],"author":[{"embeddable":true,"href":"http:\/\/www.specht-krimis.at\/index.php?rest_route=\/wp\/v2\/users\/1"}],"replies":[{"embeddable":true,"href":"http:\/\/www.specht-krimis.at\/index.php?rest_route=%2Fwp%2Fv2%2Fcomments&post=342"}],"version-history":[{"count":10,"href":"http:\/\/www.specht-krimis.at\/index.php?rest_route=\/wp\/v2\/posts\/342\/revisions"}],"predecessor-version":[{"id":380,"href":"http:\/\/www.specht-krimis.at\/index.php?rest_route=\/wp\/v2\/posts\/342\/revisions\/380"}],"wp:attachment":[{"href":"http:\/\/www.specht-krimis.at\/index.php?rest_route=%2Fwp%2Fv2%2Fmedia&parent=342"}],"wp:term":[{"taxonomy":"category","embeddable":true,"href":"http:\/\/www.specht-krimis.at\/index.php?rest_route=%2Fwp%2Fv2%2Fcategories&post=342"},{"taxonomy":"post_tag","embeddable":true,"href":"http:\/\/www.specht-krimis.at\/index.php?rest_route=%2Fwp%2Fv2%2Ftags&post=342"}],"curies":[{"name":"wp","href":"https:\/\/api.w.org\/{rel}","templated":true}]}}