{"id":262,"date":"2015-04-19T11:56:40","date_gmt":"2015-04-19T09:56:40","guid":{"rendered":"http:\/\/www.specht-krimis.at\/?p=262"},"modified":"2016-02-06T16:22:54","modified_gmt":"2016-02-06T15:22:54","slug":"lesungen-in-graz-und-leibnitz","status":"publish","type":"post","link":"http:\/\/www.specht-krimis.at\/?p=262","title":{"rendered":"Lesungen in Graz und Leibnitz"},"content":{"rendered":"<p>&nbsp;<\/p>\n<p><a href=\"http:\/\/www.specht-krimis.at\/wp-content\/uploads\/2015\/04\/003.jpg\"><img loading=\"lazy\" class=\"alignnone  wp-image-264\" src=\"http:\/\/www.specht-krimis.at\/wp-content\/uploads\/2015\/04\/003-300x225.jpg\" alt=\"SAMSUNG CAMERA PICTURES\" width=\"176\" height=\"132\" srcset=\"http:\/\/www.specht-krimis.at\/wp-content\/uploads\/2015\/04\/003-300x225.jpg 300w, http:\/\/www.specht-krimis.at\/wp-content\/uploads\/2015\/04\/003-1024x768.jpg 1024w, http:\/\/www.specht-krimis.at\/wp-content\/uploads\/2015\/04\/003-676x507.jpg 676w\" sizes=\"(max-width: 176px) 100vw, 176px\" \/><\/a><a href=\"http:\/\/www.specht-krimis.at\/wp-content\/uploads\/2015\/04\/036.jpg\"><img loading=\"lazy\" class=\"alignnone  wp-image-260\" src=\"http:\/\/www.specht-krimis.at\/wp-content\/uploads\/2015\/04\/036-300x225.jpg\" alt=\"SAMSUNG CAMERA PICTURES\" width=\"153\" height=\"115\" srcset=\"http:\/\/www.specht-krimis.at\/wp-content\/uploads\/2015\/04\/036-300x225.jpg 300w, http:\/\/www.specht-krimis.at\/wp-content\/uploads\/2015\/04\/036-1024x768.jpg 1024w, http:\/\/www.specht-krimis.at\/wp-content\/uploads\/2015\/04\/036-676x507.jpg 676w\" sizes=\"(max-width: 153px) 100vw, 153px\" \/><\/a><a href=\"http:\/\/www.specht-krimis.at\/wp-content\/uploads\/2015\/04\/060.jpg\"><img loading=\"lazy\" class=\"alignnone  wp-image-261\" src=\"http:\/\/www.specht-krimis.at\/wp-content\/uploads\/2015\/04\/060-300x225.jpg\" alt=\"SAMSUNG CAMERA PICTURES\" width=\"177\" height=\"133\" srcset=\"http:\/\/www.specht-krimis.at\/wp-content\/uploads\/2015\/04\/060-300x225.jpg 300w, http:\/\/www.specht-krimis.at\/wp-content\/uploads\/2015\/04\/060-1024x768.jpg 1024w, http:\/\/www.specht-krimis.at\/wp-content\/uploads\/2015\/04\/060-676x507.jpg 676w\" sizes=\"(max-width: 177px) 100vw, 177px\" \/><\/a><\/p>\n<p>Nach unserer Buchpr\u00e4sentation in unserem Grazer Verlag (www.editionkeiper.at) haben wir am n\u00e4chsten Tag noch einen Abstecher zu Barbara und Erwin Draxler in draxlers B\u00fcchertheke nach Leibnitz\u00a0 gemacht, um Specht auf Kur vorzustellen. Wir m\u00f6chten uns bei Barbara und Erwin an dieser Stelle nochmals f\u00fcr die herzliche Gastfreundschaft (und das K\u00fcrbiskern\u00f6l !!!) bedanken und f\u00fcr die netten Gespr\u00e4che mit den BesucherInnen aus Leibnitz.<br \/>\nSchade, dass wir noch am selben Abend nach Wien fahren mussten &#8211; wir h\u00e4tten mit Euch und Euren G\u00e4sten gerne noch ein Glas Wein aus Eurer hauseigenen Vinothek getrunken! Aber: bekanntlich sieht man sich im Leben ja immer zwei Mal!<\/p>\n","protected":false},"excerpt":{"rendered":"<p>&nbsp; Nach unserer Buchpr\u00e4sentation in unserem Grazer Verlag (www.editionkeiper.at) haben wir am n\u00e4chsten Tag noch einen Abstecher zu Barbara und Erwin Draxler in draxlers B\u00fcchertheke nach Leibnitz\u00a0 gemacht, um Specht auf Kur vorzustellen. Wir m\u00f6chten uns bei Barbara und Erwin an dieser Stelle nochmals f\u00fcr die herzliche Gastfreundschaft (und das K\u00fcrbiskern\u00f6l !!!) bedanken und f\u00fcr [&hellip;]<\/p>\n","protected":false},"author":1,"featured_media":0,"comment_status":"closed","ping_status":"open","sticky":false,"template":"","format":"standard","meta":[],"categories":[1],"tags":[],"_links":{"self":[{"href":"http:\/\/www.specht-krimis.at\/index.php?rest_route=\/wp\/v2\/posts\/262"}],"collection":[{"href":"http:\/\/www.specht-krimis.at\/index.php?rest_route=\/wp\/v2\/posts"}],"about":[{"href":"http:\/\/www.specht-krimis.at\/index.php?rest_route=\/wp\/v2\/types\/post"}],"author":[{"embeddable":true,"href":"http:\/\/www.specht-krimis.at\/index.php?rest_route=\/wp\/v2\/users\/1"}],"replies":[{"embeddable":true,"href":"http:\/\/www.specht-krimis.at\/index.php?rest_route=%2Fwp%2Fv2%2Fcomments&post=262"}],"version-history":[{"count":6,"href":"http:\/\/www.specht-krimis.at\/index.php?rest_route=\/wp\/v2\/posts\/262\/revisions"}],"predecessor-version":[{"id":377,"href":"http:\/\/www.specht-krimis.at\/index.php?rest_route=\/wp\/v2\/posts\/262\/revisions\/377"}],"wp:attachment":[{"href":"http:\/\/www.specht-krimis.at\/index.php?rest_route=%2Fwp%2Fv2%2Fmedia&parent=262"}],"wp:term":[{"taxonomy":"category","embeddable":true,"href":"http:\/\/www.specht-krimis.at\/index.php?rest_route=%2Fwp%2Fv2%2Fcategories&post=262"},{"taxonomy":"post_tag","embeddable":true,"href":"http:\/\/www.specht-krimis.at\/index.php?rest_route=%2Fwp%2Fv2%2Ftags&post=262"}],"curies":[{"name":"wp","href":"https:\/\/api.w.org\/{rel}","templated":true}]}}